{"id":762,"date":"2025-03-06T22:11:25","date_gmt":"2025-03-06T21:11:25","guid":{"rendered":"https:\/\/www.grundschule-langewiesen.de\/?p=762"},"modified":"2025-03-06T22:11:25","modified_gmt":"2025-03-06T21:11:25","slug":"einladung-schulanfaenger-2025","status":"publish","type":"post","link":"https:\/\/www.grundschule-langewiesen.de\/?p=762","title":{"rendered":"Einladung Schulanf\u00e4nger 2025"},"content":{"rendered":"\n<p><strong>Liebe Schulanf\u00e4nger 2025,<\/strong><\/p>\n\n\n\n<p>wir laden euch recht herzlich zu unseren zwei Schnuppertagen ein. Gemeinsam werden wir basteln und uns n\u00e4her kennenlernen. Dazu ben\u00f6tigt ihr die Federmappen, Scheren und Kleber.<\/p>\n\n\n\n<p><strong>&nbsp;&nbsp;&nbsp;&nbsp;&nbsp;&nbsp;&nbsp;&nbsp;&nbsp;&nbsp;&nbsp;&nbsp;&nbsp;&nbsp;&nbsp;&nbsp;&nbsp;&nbsp;&nbsp; 1. Schnuppertag: Montag, 17. M\u00e4rz 2025<\/strong><\/p>\n\n\n\n<p><strong>&nbsp;&nbsp;&nbsp;&nbsp;&nbsp;&nbsp;&nbsp;&nbsp;&nbsp;&nbsp;&nbsp;&nbsp;&nbsp;&nbsp;&nbsp;&nbsp;&nbsp;&nbsp;&nbsp;&nbsp;&nbsp;&nbsp;&nbsp;&nbsp;&nbsp;&nbsp;&nbsp;&nbsp;&nbsp;&nbsp;&nbsp;&nbsp;&nbsp;&nbsp;&nbsp; von 14.00 bis 15.00 Uhr<\/strong><\/p>\n\n\n\n<p><strong>&nbsp;&nbsp;&nbsp;&nbsp;&nbsp;&nbsp;&nbsp;&nbsp;&nbsp;&nbsp;&nbsp;&nbsp;&nbsp;&nbsp;&nbsp;&nbsp;&nbsp;&nbsp;&nbsp; 2. Schnuppertag: Montag, 28. April 2025<\/strong><\/p>\n\n\n\n<p><strong>&nbsp;&nbsp;&nbsp;&nbsp;&nbsp;&nbsp;&nbsp;&nbsp;&nbsp;&nbsp;&nbsp;&nbsp;&nbsp;&nbsp;&nbsp;&nbsp;&nbsp;&nbsp;&nbsp;&nbsp;&nbsp;&nbsp;&nbsp;&nbsp;&nbsp;&nbsp;&nbsp;&nbsp;&nbsp;&nbsp;&nbsp;&nbsp;&nbsp;&nbsp;&nbsp; von 14.00 bis 15.00 Uhr<\/strong><\/p>\n\n\n\n<p><\/p>\n\n\n\n<p><strong>Liebe Eltern,<\/strong><\/p>\n\n\n\n<p>unser n\u00e4chster Elternabend findet am Mittwoch, dem 21. Mai 2025 um 17.00 Uhr, im Speiseraum der Grundschule statt. Hierzu laden wir Sie recht herzlich ein.<\/p>\n\n\n\n<p>Die Schuleinf\u00fchrung findet am Samstag, dem 09. August 2025, in der Mehrzweckhalle in Gr\u00e4finau-Angstedt statt. N\u00e4here Informationen erhalten Sie zum Elternabend.<\/p>\n\n\n\n<p>Das Team&nbsp;&nbsp;&nbsp;&nbsp;&nbsp;&nbsp;&nbsp;&nbsp;&nbsp;&nbsp;&nbsp;&nbsp;&nbsp;&nbsp;&nbsp;&nbsp;&nbsp;&nbsp;&nbsp;&nbsp;&nbsp;&nbsp;&nbsp;&nbsp;&nbsp;&nbsp;&nbsp;&nbsp;&nbsp;&nbsp;&nbsp;&nbsp;&nbsp;&nbsp;&nbsp;&nbsp;&nbsp;&nbsp;&nbsp;&nbsp;&nbsp;&nbsp;&nbsp;&nbsp;&nbsp;&nbsp;&nbsp;&nbsp;&nbsp;&nbsp;&nbsp;&nbsp;&nbsp;&nbsp;&nbsp;&nbsp;&nbsp;<\/p>\n\n\n\n<p>der Staatlichen Grundschule<\/p>\n\n\n\n<p>\u201eJ.J.W. Heinse\u201c Langewiesen<\/p>\n\n\n\n<p>Ilmenau, den 26.02.2025<\/p>\n\n\n\n<div data-wp-interactive=\"core\/file\" class=\"wp-block-file\"><object data-wp-bind--hidden=\"!state.hasPdfPreview\" hidden class=\"wp-block-file__embed\" data=\"https:\/\/www.grundschule-langewiesen.de\/wp-content\/uploads\/2025\/03\/NEU-Schulanfaenger-2025.pdf\" type=\"application\/pdf\" style=\"width:100%;height:600px\" aria-label=\"Einbettung von NEU Schulanf\u00e4nger 2025.\"><\/object><a id=\"wp-block-file--media-082c815e-f3a6-4564-b053-00e91333ca49\" href=\"https:\/\/www.grundschule-langewiesen.de\/wp-content\/uploads\/2025\/03\/NEU-Schulanfaenger-2025.pdf\">NEU Schulanf\u00e4nger 2025<\/a><a href=\"https:\/\/www.grundschule-langewiesen.de\/wp-content\/uploads\/2025\/03\/NEU-Schulanfaenger-2025.pdf\" class=\"wp-block-file__button wp-element-button\" download aria-describedby=\"wp-block-file--media-082c815e-f3a6-4564-b053-00e91333ca49\">Herunterladen<\/a><\/div>\n","protected":false},"excerpt":{"rendered":"<p>Liebe Schulanf\u00e4nger 2025, wir laden euch recht herzlich zu unseren zwei Schnuppertagen ein. Gemeinsam werden wir basteln und uns n\u00e4her kennenlernen. Dazu ben\u00f6tigt ihr die [&hellip;]<\/p>\n","protected":false},"author":3,"featured_media":0,"comment_status":"closed","ping_status":"open","sticky":false,"template":"","format":"standard","meta":{"footnotes":""},"categories":[1],"tags":[],"class_list":["post-762","post","type-post","status-publish","format-standard","hentry","category-uncategorized"],"_links":{"self":[{"href":"https:\/\/www.grundschule-langewiesen.de\/index.php?rest_route=\/wp\/v2\/posts\/762","targetHints":{"allow":["GET"]}}],"collection":[{"href":"https:\/\/www.grundschule-langewiesen.de\/index.php?rest_route=\/wp\/v2\/posts"}],"about":[{"href":"https:\/\/www.grundschule-langewiesen.de\/index.php?rest_route=\/wp\/v2\/types\/post"}],"author":[{"embeddable":true,"href":"https:\/\/www.grundschule-langewiesen.de\/index.php?rest_route=\/wp\/v2\/users\/3"}],"replies":[{"embeddable":true,"href":"https:\/\/www.grundschule-langewiesen.de\/index.php?rest_route=%2Fwp%2Fv2%2Fcomments&post=762"}],"version-history":[{"count":1,"href":"https:\/\/www.grundschule-langewiesen.de\/index.php?rest_route=\/wp\/v2\/posts\/762\/revisions"}],"predecessor-version":[{"id":764,"href":"https:\/\/www.grundschule-langewiesen.de\/index.php?rest_route=\/wp\/v2\/posts\/762\/revisions\/764"}],"wp:attachment":[{"href":"https:\/\/www.grundschule-langewiesen.de\/index.php?rest_route=%2Fwp%2Fv2%2Fmedia&parent=762"}],"wp:term":[{"taxonomy":"category","embeddable":true,"href":"https:\/\/www.grundschule-langewiesen.de\/index.php?rest_route=%2Fwp%2Fv2%2Fcategories&post=762"},{"taxonomy":"post_tag","embeddable":true,"href":"https:\/\/www.grundschule-langewiesen.de\/index.php?rest_route=%2Fwp%2Fv2%2Ftags&post=762"}],"curies":[{"name":"wp","href":"https:\/\/api.w.org\/{rel}","templated":true}]}}