{"id":461,"date":"2023-08-19T23:06:31","date_gmt":"2023-08-19T21:06:31","guid":{"rendered":"https:\/\/www.grundschule-langewiesen.de\/?p=461"},"modified":"2023-08-19T23:06:31","modified_gmt":"2023-08-19T21:06:31","slug":"schuljahresanfang","status":"publish","type":"post","link":"https:\/\/www.grundschule-langewiesen.de\/?p=461","title":{"rendered":"Schuljahresanfang"},"content":{"rendered":"\n<p>Liebe Eltern,<br>zum Beginn m\u00f6chte ich einige wichtige Informationen an Sie \u00fcbermitteln, damit uns ein guter Start in das neue Schuljahr gelingt und Sie langfristig planen k\u00f6nnen.<br>Am Montag, dem 21.08.2023 treffen sich alle Sch\u00fcler der Klassenstufen 1 und 2 vor dem Haupteingang, die Klassen 3 und 4 auf dem Schulhof. Die Kinder werden von ihrer Lehrerin\/ ihrem Lehrer abgeholt und verabschieden sich bitte an der T\u00fcr von ihren Eltern.<br>Dies sind:<br>1a<br>Herr Lampe<br>Klassenraum- unterer Flur<br>1b<br>Frau Rosmer<br>Klassenraum- unterer Flur<br>2a<br>Frau Ballenberger<br>Klassenraum- unterer Flur<br>2b<br>Frau Blochberger<br>Klassenraum- unterer Flur<br>2c<br>Frau Wolf<br>Klassenraum- oberer Flur<br>3a<br>Frau Gie\u00dfler<br>Klassenraum- oberer Flur<br>3b<br>Frau Zitzmann<br>Klassenraum im Verwaltungstrakt,<br>gegen\u00fcber Sekretariat( ehemals 4a)<br>4a<br>Frau Lochner<br>Klassenraum- oberer Flur<br>4b<br>Frau Grass<br>Klassenraum- oberer Flur<br>\uf0d8 Am Montag findet f\u00fcr keine Klasse der Sportunterricht statt.<br>\uf0d8 Schwimmen f\u00fcr Klasse 3 beginnt in der 2. Unterrichtswoche und ist in der 6. Stunde (Busabfahrt ab Ilmenau 13.05 Uhr). Die Kinder essen vorher ab 11.05 Uhr.<br>\uf0d8 Die Stundenpl\u00e4ne erhalten die Kinder und sind nur bis 08.09.23 g\u00fcltig, da es nochmals Personalver\u00e4nderungen geben wird.<br>\uf0d8 Bitte beachten Sie die ge\u00e4nderten Unterrichtszeiten.<br>Einlass 7.20 Uhr<br>7.30-8.15- 1. Unterrichtsstunde<br>8.15-8.25 \u2013 Fr\u00fchst\u00fcck<br>8.25-9.10 \u2013 2. Unterrichtsstunde<br>9.10-9.30 Hofpause<br>9.30-10.15 \u2013 3. Unterrichtsstunde<br>10.15-10.20 \u2013 Pause<br>10.20- 11.05 4. Unterrichtsstunde<br>11.05-11.10 \u2013 Pause<br>11.10-11.55 \u2013 5. Unterrichtsstunde<br>Staatliche Grundschule \u201eJohann Jacob Wilhelm Heinse\u201c<br>Hofgraben 6<br>98693 Ilmenau<br>2<br>11.55-12.25 \u2013 Mittags-\/ Hofpause<br>12.25-13.10 -6. Unterrichtsstunde<br>Der IOV teilte uns folgende Buszeiten mit:<br>Hinfahrt<br>Linie 305<br>Haltestelle<br>Bus 1<br>M\u00f6glichst Klassen 1 und 4<br>Bus 2<br>M\u00f6glichst Klassen 2 und 3<br>Abfahrtszeit<br>Gr\u00e4finau, Gemeinde<br>ab 7.05<br>ab 7.06<br>Gr\u00e4finau, Schule<br>ab 7.09<br>ab 7.10<br>W\u00fcmbach<br>ab 7.13<br>ab 7.14<br>Langewiesen, In den Folgen<br>an 7.19<br>an 7.20<br>Linie 310<br>Haltestelle<br>4<br>Oehrenstock<br>ab 7.10<br>Langewiesen, In den Folgen<br>an 7.20<br>R\u00fcckfahrt<br>Linie 305<br>Haltestelle<br>Baufahrplan<br>Abfahrtszeit<br>Langewiesen, In den Folgen<br>ab 12.25<br>ab 13.26<br>ab 15.06<br>W\u00fcmbach<br>ab 12.30<br>ab 13.31<br>ab 15.11<br>Gr\u00e4finau, Schule<br>an 12.37<br>an 13.38<br>an 15.17<br>Linie 310<br>Haltestelle<br>Langewiesen, In den Folgen<br>ab 12.24<br>ab 13.24<br>ab 14.40<br>Oehrenstock<br>an 12.34<br>an 13.34<br>an 14.50<br>.<br>Staatliche Grundschule \u201eJohann Jacob Wilhelm Heinse\u201c<br>Hofgraben 6<br>98693 Ilmenau<br>3<br>In der ersten Woche endet der Unterricht wie folgt:<br>Klasse<br>Montag<br>Dienstag<br>Mittwoch<br>Donnerstag<br>Freitag<br>1a<br>11.10<br>11.10<br>11.10<br>11.10<br>11.10<br>1b<br>11.10<br>11.10<br>Sport<br>11.10<br>11.10<br>11.10<br>2a<br>11.10<br>11.10<br>11.10<br>11.55<br>Sport<br>11.10<br>2b<br>11.10<br>11.10<br>11.10<br>11.55<br>Sport<br>11.10<br>2c<br>11.10<br>11.10<br>11.10<br>11.10<br>11.10<br>Sport<br>3a<br>11.55<br>ab 11.10 Betreuung<br>Hort Schwimmausfall<br>13.10<br>13.10 Sport<br>11.55<br>3b<br>11.55<br>ab 11.10 Betreuung<br>Hort Schwimmausfall<br>11.55<br>11.55<br>11.55<br>4a<br>11.55<br>13.10<br>13.10 Sport<br>11.55<br>11.10<br>4b<br>11.55<br>13.10<br>Sport<br>13.10<br>13.10<br>11.10<br>Die Elternversammlungen finden wie folgt statt:<br>Klassen 2a, 2b, 2c, 4a, 4b- Mittwoch, 30.08.2023- 17.00 Uhr<br>Klassen 1a, 1b, 3a, 3b- Montag, 04.09.2023- 17.00 Uhr<br>Die Elternvertretersitzung findet am 06.09.2023 um 17.00 Uhr statt, die Schulkonferenz am 13. 09.2023 um 17.00 Uhr.<br>Die Schlie\u00dfzeiten f\u00fcr den Sommer 2024 sind von Donnerstag, dem 11.07.2024 bis Mittwoch, dem 31.07.2024.<br>Die Sch\u00fcler der Klassen 4 haben einen Rechtsanspruch auf Ferienbetreuung bis zum 31.07.2024(Schlie\u00dfzeit in Langewiesen beachten- ev. Fremdbetreuung beantragen)<br>Liebe Eltern,<br>ich w\u00fcnsche allen einen gelungenen Start in das neue Schuljahr.<br>Mit freundlichem Gru\u00df<br>U. Zitzmann<br>(Schulleiterin)<\/p>\n","protected":false},"excerpt":{"rendered":"<p>Liebe Eltern,zum Beginn m\u00f6chte ich einige wichtige Informationen an Sie \u00fcbermitteln, damit uns ein guter Start in das neue Schuljahr gelingt und Sie langfristig planen [&hellip;]<\/p>\n","protected":false},"author":3,"featured_media":0,"comment_status":"closed","ping_status":"open","sticky":false,"template":"","format":"standard","meta":{"footnotes":""},"categories":[1],"tags":[],"class_list":["post-461","post","type-post","status-publish","format-standard","hentry","category-uncategorized"],"_links":{"self":[{"href":"https:\/\/www.grundschule-langewiesen.de\/index.php?rest_route=\/wp\/v2\/posts\/461","targetHints":{"allow":["GET"]}}],"collection":[{"href":"https:\/\/www.grundschule-langewiesen.de\/index.php?rest_route=\/wp\/v2\/posts"}],"about":[{"href":"https:\/\/www.grundschule-langewiesen.de\/index.php?rest_route=\/wp\/v2\/types\/post"}],"author":[{"embeddable":true,"href":"https:\/\/www.grundschule-langewiesen.de\/index.php?rest_route=\/wp\/v2\/users\/3"}],"replies":[{"embeddable":true,"href":"https:\/\/www.grundschule-langewiesen.de\/index.php?rest_route=%2Fwp%2Fv2%2Fcomments&post=461"}],"version-history":[{"count":1,"href":"https:\/\/www.grundschule-langewiesen.de\/index.php?rest_route=\/wp\/v2\/posts\/461\/revisions"}],"predecessor-version":[{"id":462,"href":"https:\/\/www.grundschule-langewiesen.de\/index.php?rest_route=\/wp\/v2\/posts\/461\/revisions\/462"}],"wp:attachment":[{"href":"https:\/\/www.grundschule-langewiesen.de\/index.php?rest_route=%2Fwp%2Fv2%2Fmedia&parent=461"}],"wp:term":[{"taxonomy":"category","embeddable":true,"href":"https:\/\/www.grundschule-langewiesen.de\/index.php?rest_route=%2Fwp%2Fv2%2Fcategories&post=461"},{"taxonomy":"post_tag","embeddable":true,"href":"https:\/\/www.grundschule-langewiesen.de\/index.php?rest_route=%2Fwp%2Fv2%2Ftags&post=461"}],"curies":[{"name":"wp","href":"https:\/\/api.w.org\/{rel}","templated":true}]}}